[{"@context":"https:\/\/schema.org\/","@type":"Article","@id":"https:\/\/www.kostkacek.cz\/cesta-bez-starosti\/#Article","mainEntityOfPage":"https:\/\/www.kostkacek.cz\/cesta-bez-starosti\/","headline":"Cesta bez starost\u00ed","name":"Cesta bez starost\u00ed","description":"N\u011bkte\u0159\u00ed lid\u00e9 letn\u00ed \u010das a nejenom ten letn\u00ed, vyu\u017eij\u00ed t\u00e9\u017e ke st\u011bhov\u00e1n\u00ed do nov\u00e9ho bydli\u0161t\u011b. A mnoz\u00ed p\u0159em\u00fd\u0161l\u00ed o tom,&hellip;","datePublished":"2020-06-20","dateModified":"2023-05-03","author":{"@type":"Person","@id":"https:\/\/www.kostkacek.cz\/author\/#Person","name":"","url":"https:\/\/www.kostkacek.cz\/author\/","identifier":1,"image":{"@type":"ImageObject","@id":"https:\/\/secure.gravatar.com\/avatar\/96681f32407e92907e886055c80be666fea9980585e3d74d58609948dcc5acbb?s=96&d=mm&r=g","url":"https:\/\/secure.gravatar.com\/avatar\/96681f32407e92907e886055c80be666fea9980585e3d74d58609948dcc5acbb?s=96&d=mm&r=g","height":96,"width":96}},"publisher":{"@type":"Organization","name":"kostkacek.cz","logo":{"@type":"ImageObject","@id":"\/logo.png","url":"\/logo.png","width":600,"height":60}},"image":{"@type":"ImageObject","@id":"https:\/\/www.kostkacek.cz\/wp-content\/uploads\/P%C5%AFj%C4%8Dovna%20Rent%20car%20service.jpg","url":"https:\/\/www.kostkacek.cz\/wp-content\/uploads\/P%C5%AFj%C4%8Dovna%20Rent%20car%20service.jpg","height":0,"width":0},"url":"https:\/\/www.kostkacek.cz\/cesta-bez-starosti\/","about":["Business"],"wordCount":531,"articleBody":"   N\u011bkte\u0159\u00ed lid\u00e9 letn\u00ed \u010das a nejenom ten letn\u00ed, vyu\u017eij\u00ed t\u00e9\u017e ke st\u011bhov\u00e1n\u00ed do nov\u00e9ho bydli\u0161t\u011b. A mnoz\u00ed p\u0159em\u00fd\u0161l\u00ed o tom, jak se p\u0159est\u011bhovat co nejlevn\u011bji a hlavn\u011b \u201ejedn\u00edm vrzem\u201c. Dovolen\u00e1 a st\u011bhov\u00e1n\u00ed je ur\u010dit\u011b ze za\u010d\u00e1tku starost, kter\u00e1 se zm\u011bn\u00ed v radost. A ob\u011b tyto z\u00e1le\u017eitosti se p\u0159ev\u00e1\u017en\u011b pl\u00e1nuj\u00ed dop\u0159edu. V\u011bt\u0161ina rodin p\u0159i st\u011bhov\u00e1n\u00ed n\u00e1kladn\u00ed auto nem\u00e1, pokud je velk\u00e1 rodina a chce odjet na dovolenou, pot\u0159ebuj\u00ed ob\u010das malou dod\u00e1vku nebo mikrobus. P\u0159i st\u011bhov\u00e1n\u00ed, aby vy\u0161lo co nejlevn\u011bji, mnoz\u00ed vyu\u017e\u00edvaj\u00ed pomoc od rodiny nebo p\u0159\u00e1tel. A pokud nen\u00ed tato mo\u017enost, tak se hled\u00e1 spole\u010dnost, kter\u00e1 V\u00e1m se st\u011bhov\u00e1n\u00edm pom\u016f\u017ee, bude cenov\u011b dostupn\u00e1. m\u011bla by b\u00fdt takov\u00e1, kter\u00e1 v\u00e1m pom\u016f\u017ee p\u0159epravit va\u0161e v\u011bci na ur\u010den\u00e9 m\u00edsto nebo p\u016fj\u010duje takov\u00e9 automobily, kter\u00e9 se daj\u00ed nap\u0159\u00edklad pro st\u011bhov\u00e1n\u00ed vyu\u017e\u00edt. Zvl\u00e1\u0161\u0165 p\u0159i n\u011bm, ale i na dovolenou je pot\u0159eba promyslet v\u0161e dop\u0159edu, https:\/\/www.rentcarservice.cz\/hlavne-nic-nezapomenout-vzit-na-dovolenou-detail-27, pak d\u016fkladn\u011b v\u011bci zabalit.U dob\u0159e zabalen\u00fdch v\u011bc\u00ed je velmi d\u016fle\u017eit\u00e9, aby zabraly co nejm\u00e9n\u011b m\u00edsta a popsat krabice.Pokud se chcete p\u0159est\u011bhovat bez stres\u016f, m\u016f\u017eete vyu\u017e\u00edt takov\u00fd \u010das, kter\u00fd v\u00e1m bude vyhovovat. T\u00edm m\u00e1me na mysli i \u010das o v\u00edkendech a sv\u00e1tc\u00edch, ale t\u00e9\u017e i ve\u010dern\u00ed hodiny. P\u0159ijateln\u00e9 ceny a efektivn\u00ed p\u0159est\u011bhov\u00e1n\u00ed, tak tyto sv\u00e9 slu\u017eby v\u00e1m nab\u00edz\u00ed firma Rent car servis, kter\u00e1 V\u00e1s svou pestrou nab\u00eddkou slu\u017eeb ur\u010dit\u011b zaujme. A pokud se domn\u00edv\u00e1te, \u017ee by V\u00e1m sta\u010dilo si dod\u00e1vku na p\u0159est\u011bhov\u00e1n\u00ed pouze zap\u016fj\u010dit, tak tuto mo\u017enost m\u016f\u017eete vyu\u017e\u00edt t\u00e9\u017e.P\u016fj\u010dovna Rent car servis p\u016fsob\u00ed v Praze a v Pardubic\u00edch. Nab\u00eddka firmy v zap\u016fj\u010den\u00ed kvalitn\u00edch francouzsk\u00fdch zna\u010dek jak u\u017eitkov\u00fdch tak osobn\u00edch aut, m\u00e1 mnoho v\u00fdhod, kter\u00e9 jin\u00e9 p\u016fj\u010dovny nemaj\u00ed. Podrobnosti si m\u016f\u017eete p\u0159e\u010d\u00edst na V dob\u011b zap\u016fj\u010den\u00ed automobilu m\u00e1te nap\u0159\u00edklad: poji\u0161t\u011bn\u00ed auta v cen\u011b zap\u016fj\u010den\u00ed vozidla, v\u00fdhodn\u00e9 asisten\u010dn\u00ed slu\u017eby, neomezen\u00fd po\u010det kilometr\u016f, d\u00e1lni\u010dn\u00ed zn\u00e1mku \u010cR a Sk, s automobilem m\u016f\u017eete jezdit po cel\u00e9 EU a dal\u0161\u00ed v\u00fdhody.P\u0159i st\u011bhov\u00e1n\u00ed m\u00e1te mo\u017enost p\u0159istaven\u00ed vozidla v takovou dobu, kter\u00e1 V\u00e1m bude vyhovovat a po\u010d\u00edt\u00e1 se hodinov\u00e1 sazba. Va\u0161\u00ed jedinou starost\u00ed bude skute\u010dn\u011b jen to, abyste si p\u0159ed pl\u00e1novanou j\u00edzdou, jak na dovolenou nebo p\u0159i st\u011bhov\u00e1n\u00ed, nic nezapomn\u011bli zabalit. Nab\u00eddka na zap\u016fj\u010den\u00ed automobil\u016f t\u00e9to pra\u017esk\u00e9 firmy je skute\u010dn\u011b velmi v\u00fdhodn\u00e1. A pokud ji vyu\u017eijete, ur\u010dit\u011b nebudete litovat.                                                                                                                                                                                                                                                                                                                                                                                          4.6\/5 - (14 votes)        "},{"@context":"https:\/\/schema.org\/","@type":"BreadcrumbList","itemListElement":[{"@type":"ListItem","position":1,"name":"Cesta bez starost\u00ed","item":"https:\/\/www.kostkacek.cz\/cesta-bez-starosti\/#breadcrumbitem"}]}]