[{"@context":"https:\/\/schema.org\/","@type":"Article","@id":"https:\/\/www.kostkacek.cz\/ctu-ctes-cteme-aneb-vliv-cetby-na-vzdelani\/#Article","mainEntityOfPage":"https:\/\/www.kostkacek.cz\/ctu-ctes-cteme-aneb-vliv-cetby-na-vzdelani\/","headline":"\u010ctu, \u010dte\u0161, \u010dteme\u2026 aneb vliv \u010detby na vzd\u011bl\u00e1n\u00ed","name":"\u010ctu, \u010dte\u0161, \u010dteme\u2026 aneb vliv \u010detby na vzd\u011bl\u00e1n\u00ed","description":"Prim\u00e1rn\u00ed je z\u00edsk\u00e1v\u00e1n\u00ed informac\u00ed prost\u0159ednictv\u00edm \u010detby, ale p\u0159edev\u0161\u00edm d\u00edky \u010detb\u011b doch\u00e1z\u00ed k u\u010den\u00ed se p\u00edsmen. Co\u017e se t\u00fdk\u00e1 samoz\u0159ejm\u011b t\u011bch&hellip;","datePublished":"2025-02-27","dateModified":"2023-05-03","author":{"@type":"Person","@id":"https:\/\/www.kostkacek.cz\/author\/#Person","name":"","url":"https:\/\/www.kostkacek.cz\/author\/","identifier":1,"image":{"@type":"ImageObject","@id":"https:\/\/secure.gravatar.com\/avatar\/96681f32407e92907e886055c80be666fea9980585e3d74d58609948dcc5acbb?s=96&d=mm&r=g","url":"https:\/\/secure.gravatar.com\/avatar\/96681f32407e92907e886055c80be666fea9980585e3d74d58609948dcc5acbb?s=96&d=mm&r=g","height":96,"width":96}},"publisher":{"@type":"Organization","name":"kostkacek.cz","logo":{"@type":"ImageObject","@id":"\/logo.png","url":"\/logo.png","width":600,"height":60}},"image":{"@type":"ImageObject","@id":"https:\/\/www.kostkacek.cz\/wp-content\/uploads\/img_a289183_w2240_t1500533786.jpg","url":"https:\/\/www.kostkacek.cz\/wp-content\/uploads\/img_a289183_w2240_t1500533786.jpg","height":0,"width":0},"url":"https:\/\/www.kostkacek.cz\/ctu-ctes-cteme-aneb-vliv-cetby-na-vzdelani\/","wordCount":455,"articleBody":"Prim\u00e1rn\u00ed je z\u00edsk\u00e1v\u00e1n\u00ed informac\u00ed prost\u0159ednictv\u00edm \u010detby, ale p\u0159edev\u0161\u00edm d\u00edky \u010detb\u011b doch\u00e1z\u00ed k u\u010den\u00ed se p\u00edsmen. Co\u017e se t\u00fdk\u00e1 samoz\u0159ejm\u011b t\u011bch nejmen\u0161\u00edch. Jedn\u00e1 se v\u0161ak o \u010dinnost podporuj\u00edc\u00ed zdrav\u00e9 rozv\u00edjen\u00ed mozku. Bylo stvrzeno na z\u00e1klad\u011b v\u00fdzkumu, \u017ee \u010dten\u00edm komplexn\u011bj\u0161\u00edch text\u016f a \u010dl\u00e1nk\u016f doch\u00e1z\u00ed v\u00a0mozku k\u00a0pos\u00edlen\u00ed n\u011bkolika kognitivn\u00edch \u010dinnost\u00ed. Pravidelnost \u010dten\u00ed m\u00e1 velmi zna\u010dn\u00fd \u00fa\u010dinek v\u00a0podob\u011b osobn\u00edho rozvoje. V\u0161eobecn\u011b je zn\u00e1mo a prok\u00e1z\u00e1no, kdo \u010dte \u010dasto a r\u00e1d, disponuje mnohem \u0161ir\u0161\u00ed slovn\u00ed z\u00e1sobou a rovn\u011b\u017e se l\u00e9pe vyjad\u0159uje.\u00a0Pozitiva \u010dten\u00ed\u00a0 \u00a0\u00b7\u00a0\u00a0\u00a0\u00a0\u00a0\u00a0\u00a0\u00a0 lep\u0161\u00ed p\u0159edstavivost,\u00b7\u00a0\u00a0\u00a0\u00a0\u00a0\u00a0\u00a0\u00a0 eliminace stresu,\u00b7\u00a0\u00a0\u00a0\u00a0\u00a0\u00a0\u00a0\u00a0 zlep\u0161en\u00ed pam\u011bti,\u00b7\u00a0\u00a0\u00a0\u00a0\u00a0\u00a0\u00a0\u00a0 rozv\u00edjen\u00ed verb\u00e1ln\u00edch schopnost\u00ed,\u00b7\u00a0\u00a0\u00a0\u00a0\u00a0\u00a0\u00a0\u00a0 vzd\u011bl\u00e1v\u00e1n\u00ed se,\u00b7\u00a0\u00a0\u00a0\u00a0\u00a0\u00a0\u00a0\u00a0 vy\u0161\u0161\u00ed vzd\u011blanost.\u00a0\u00a0Importantn\u00ed \u010dten\u00ed d\u011btem\u00a0Je velmi d\u016fle\u017eit\u00e9 v\u00e9st d\u011bti ji\u017e od \u00fatl\u00e9ho d\u011btstv\u00ed ke vztahu ke kn\u00ed\u017ek\u00e1m a ke \u010dten\u00ed v\u0161eobecn\u011b. Bylo ji\u017e v\u011bdecky podlo\u017eeno, \u017ee \u010dten\u00ed m\u00e1 vy\u0161\u0161\u00ed vliv na vzd\u011blanost jedince ne\u017e predispozice ze strany v\u00a0r\u00e1mci dosa\u017een\u00e9ho vzd\u011bl\u00e1n\u00ed rodi\u010d\u016f. \u010cetba a pravideln\u00e9 \u010dten\u00ed zde hraje efektivn\u011bj\u0161\u00ed roli. Smysl \u010dten\u00ed d\u011btem je nenahraditeln\u00fd. V\u00fdznamnou \u00falohu m\u00e1 i spole\u010dn\u00e9 \u010dten\u00ed, kdy je umocn\u011bn vz\u00e1jemn\u00fd vztah rodi\u010de a d\u00edt\u011bte. Je dok\u00e1z\u00e1no, \u017ee d\u011bti, kter\u00fdm je od ran\u00e9ho d\u011btstv\u00ed \u010dteno, dosahuj\u00ed ve \u0161kole mnohem lep\u0161\u00edch v\u00fdsledk\u016f, co\u017e m\u00e1 vliv na dal\u0161\u00ed vzd\u011bl\u00e1v\u00e1n\u00ed.\u00a0\u010cetba nejen nau\u010dn\u00e9 literatury\u00a0V\u00fdznam pro \u010detbu maj\u00ed i b\u00e1sn\u011b. \u010cten\u00edm poezie doch\u00e1z\u00ed k\u00a0aktivaci funkci sf\u00e9ry mozku, co\u017e souvis\u00ed se zlep\u0161en\u00edm sv\u00fdch schopnost\u00ed a takt\u00e9\u017e nav\u00fd\u0161en\u00ed potenci\u00e1lu \u00fasp\u011b\u0161nosti. Neopom\u00edjet ani \u010detbu fiktivn\u00ed literatury, co\u017e t\u00e9\u017e podporuje sebepozn\u00e1n\u00ed a lep\u0161\u00ed porozum\u011bn\u00ed s\u00e1m sob\u011b a t\u00e9\u017e schopnost porozum\u011bt ostatn\u00edm.\u00a0Povinn\u00e1 \u0161koln\u00ed \u010detba nen\u00ed hrozba\u00a0\u010casto u\u017e jen slovo povinn\u00e1 \u010detba zav\u00e1d\u00ed\u00a0odporem k\u00a0dan\u00e9 knize, n\u011bkdy ke \u010dten\u00ed v\u016fbec. Av\u0161ak se nemus\u00ed jednat o knihy nez\u00e1\u017eivn\u00e9, kter\u00e9 studenty okr\u00e1daj\u00ed o \u010das nap\u0159\u00edklad str\u00e1ven\u00fd p\u0159edev\u0161\u00edm surfov\u00e1n\u00edm po internetu \u010di psan\u00ed si s\u00a0p\u0159\u00e1teli na soci\u00e1ln\u00edch s\u00edt\u00edch. Nen\u00ed p\u0159ekvapuj\u00edc\u00edm sd\u011blen\u00edm, \u017ee \u010dten\u00e1\u0159sk\u00e1 gramotnost je neust\u00e1le klesaj\u00edc\u00ed, bohu\u017eel. Povinn\u00e1 \u0161koln\u00ed \u010detba m\u00e1 sv\u016fj v\u00fdznamn\u00fd efekt. Jestli\u017ee chceme n\u011bco dok\u00e1zat, je t\u0159eba se vzd\u011bl\u00e1vat a \u010detba n\u00e1m za t\u00edmto \u00fa\u010delem poslou\u017e\u00ed naprosto znamenit\u011b.                                                                                                                                                                                                                                                                                                                                                                                        4.6\/5 - (7 votes)        "},{"@context":"https:\/\/schema.org\/","@type":"BreadcrumbList","itemListElement":[{"@type":"ListItem","position":1,"name":"\u010ctu, \u010dte\u0161, \u010dteme\u2026 aneb vliv \u010detby na vzd\u011bl\u00e1n\u00ed","item":"https:\/\/www.kostkacek.cz\/ctu-ctes-cteme-aneb-vliv-cetby-na-vzdelani\/#breadcrumbitem"}]}]