[{"@context":"https:\/\/schema.org\/","@type":"Article","@id":"https:\/\/www.kostkacek.cz\/kozena-bunda\/#Article","mainEntityOfPage":"https:\/\/www.kostkacek.cz\/kozena-bunda\/","headline":"Ko\u017een\u00e1 bunda","name":"Ko\u017een\u00e1 bunda","description":"M\u00e1m moc r\u00e1da k\u016f\u017ei a ko\u017ee\u0161iny, proto m\u00e1m doma opravdu hodn\u011b ko\u017een\u00fdch bund a ko\u017een\u00fdch kalhot. Dokonce m\u00e1m tak\u00e9 ko\u017eenou&hellip;","datePublished":"2024-07-28","dateModified":"2024-07-28","author":{"@type":"Person","@id":"https:\/\/www.kostkacek.cz\/author\/#Person","name":"","url":"https:\/\/www.kostkacek.cz\/author\/","identifier":1,"image":{"@type":"ImageObject","@id":"https:\/\/secure.gravatar.com\/avatar\/96681f32407e92907e886055c80be666fea9980585e3d74d58609948dcc5acbb?s=96&d=mm&r=g","url":"https:\/\/secure.gravatar.com\/avatar\/96681f32407e92907e886055c80be666fea9980585e3d74d58609948dcc5acbb?s=96&d=mm&r=g","height":96,"width":96}},"publisher":{"@type":"Organization","name":"kostkacek.cz","logo":{"@type":"ImageObject","@id":"\/logo.png","url":"\/logo.png","width":600,"height":60}},"image":{"@type":"ImageObject","@id":"https:\/\/www.kostkacek.cz\/wp-content\/uploads\/leather-jacket-6773269_1280_1.jpg","url":"https:\/\/www.kostkacek.cz\/wp-content\/uploads\/leather-jacket-6773269_1280_1.jpg","height":0,"width":0},"url":"https:\/\/www.kostkacek.cz\/kozena-bunda\/","about":["M\u00f3da\r"],"wordCount":430,"articleBody":"M\u00e1m moc r\u00e1da k\u016f\u017ei a ko\u017ee\u0161iny, proto m\u00e1m doma opravdu hodn\u011b ko\u017een\u00fdch bund a ko\u017een\u00fdch kalhot. Dokonce m\u00e1m tak\u00e9 ko\u017eenou k\u0161iltovku. Na\u0161t\u011bst\u00ed m\u00e1 ale v sob\u011b otvory, takov\u00e9 mal\u00e9 te\u010dky, tak\u017ee se mi potom nepot\u00ed vlasy, proto\u017ee je opravdu hodn\u011b nep\u0159\u00edjemn\u00e9, kdy\u017e t\u0159eba m\u00e1te \u010depici anebo n\u011bjakou k\u0161iltovku \u010di jinou pokr\u00fdvku hlavy a potom se v\u00e1m pot\u00ed hlava. To v\u00e1s potom sv\u011bd\u00ed k\u016f\u017ee hlavy a potom m\u00e1te tak\u00e9 splihl\u00e9 vlasy a j\u00e1 osobn\u011b nem\u00e1m r\u00e1da splihl\u00e9 vlasy. Opravdu hodn\u011b m\u011b to vad\u00ed. A tak jsem si \u0159ekla, \u017ee kdy\u017e vlastn\u011b si chci koupit ko\u017eenou k\u0161iltovku, kterou miluji a kterou m\u00e1m r\u00e1da, \u017ee by bylo nejlep\u0161\u00ed, kdybych i t\u0159eba m\u011bla n\u011bjakou k\u0161iltovku, kter\u00e1 je opravdu hodn\u011b prody\u0161n\u00e1, m\u00f3da m\u011b bav\u00ed u\u017e opravdu hodn\u011b dlouho.A moje maminka \u0159\u00edkala, \u017ee pr\u00fd u\u017e jako mal\u00e1 holka jsem se obl\u00e9kala do maminky \u0161at\u016f a do mamin\u010din\u00fdch bot, ale tohle je \u00fapln\u011b norm\u00e1ln\u00ed, proto\u017ee nezn\u00e1m nikoho, kdo by t\u0159eba se neobl\u00e9kal do mamin\u010din\u00fdch \u0161at\u016f a podobn\u011b. Na\u0161t\u011bst\u00ed tohle m\u016fj bratr ned\u011blal, i kdy\u017e zn\u00e1m n\u011bkter\u00e9 chlape\u010dky, kte\u0159\u00ed se tak\u00e9 obl\u00e9kali do mamin\u010din\u00fdch bot. Mysl\u00edm si, \u017ee tohle je tak\u00e9 skv\u011bl\u00e9. A tak jsem si \u0159ekla, \u017ee nejlep\u0161\u00ed by bylo, kdyby i lid\u00e9 vlastn\u011b si zjistili, co je bav\u00ed anebo co je jejich nejobl\u00edben\u011bj\u0161\u00ed oble\u010den\u00ed. N\u011bjak\u00fd outfit. M\u011b moc bav\u00ed pr\u00e1v\u011b \u010dern\u00e1 k\u016f\u017ee, dokonce jsem si tak\u00e9 minul\u00fd rok po\u0159\u00eddila opravdu k\u0159iklav\u011b z\u00e1\u0159iv\u011b r\u016f\u017eovou ko\u017eenou bundu. A st\u00e1la m\u011b sedm tis\u00edc korun. Ano, sice to bylo opravdu hodn\u011b drah\u00e9 a \u0161et\u0159ila jsem na to t\u00e9m\u011b\u0159 p\u016fl roku, ale jsem opravdu r\u00e1da, \u017ee jsem si po\u0159\u00eddila to, co jsem cht\u011bla. J\u00e1 sp\u00ed\u0161e d\u00e1v\u00e1m na kvalitu ne\u017e na kvantitu. Jsem moc r\u00e1da, \u017ee jsem na\u0161la takhle limitovanou edici kr\u00e1sn\u00e9 ko\u017een\u00e9 r\u016f\u017eov\u00e9 bundy. Je to takov\u00e1 kr\u00e1sn\u00e1, syt\u011b v\u00fdrazn\u00e1, neonov\u00e1 barva. Ka\u017ed\u00e9mu se l\u00edb\u00ed a ka\u017ed\u00fd se za mnou oto\u010d\u00ed, proto\u017ee takhle z\u00e1\u0159iv\u011b r\u016f\u017eov\u00e1, neonov\u00e1 ko\u017een\u00e1 bunda se jenom tak nikde nevid\u00ed. A tak\u00e9 m\u00e1te r\u00e1di ko\u017een\u00e9 v\u011bci, a hlavn\u011b ko\u017een\u00e9 bundy?                                                                                                                                                                                                                                                                                                                                                                                        3.7\/5 - (12 votes)        "},{"@context":"https:\/\/schema.org\/","@type":"BreadcrumbList","itemListElement":[{"@type":"ListItem","position":1,"name":"Ko\u017een\u00e1 bunda","item":"https:\/\/www.kostkacek.cz\/kozena-bunda\/#breadcrumbitem"}]}]