[{"@context":"https:\/\/schema.org\/","@type":"Article","@id":"https:\/\/www.kostkacek.cz\/u-nas-si-vybere-kazdy\/#Article","mainEntityOfPage":"https:\/\/www.kostkacek.cz\/u-nas-si-vybere-kazdy\/","headline":"U n\u00e1s si vybere ka\u017ed\u00fd","name":"U n\u00e1s si vybere ka\u017ed\u00fd","description":"A co \u010dek\u00e1 na individualisty? Nebav\u00ed v\u00e1s si st\u00e1le p\u0159ipl\u00e1cet za dvoul\u016f\u017ekov\u00e9 pokoje, kdy\u017e jednol\u016f\u017ekov\u00fdch je nedostatek? My na v\u00e1s&hellip;","datePublished":"2025-03-01","dateModified":"2025-03-01","author":{"@type":"Person","@id":"https:\/\/www.kostkacek.cz\/author\/#Person","name":"","url":"https:\/\/www.kostkacek.cz\/author\/","identifier":1,"image":{"@type":"ImageObject","@id":"https:\/\/secure.gravatar.com\/avatar\/96681f32407e92907e886055c80be666fea9980585e3d74d58609948dcc5acbb?s=96&d=mm&r=g","url":"https:\/\/secure.gravatar.com\/avatar\/96681f32407e92907e886055c80be666fea9980585e3d74d58609948dcc5acbb?s=96&d=mm&r=g","height":96,"width":96}},"publisher":{"@type":"Organization","name":"kostkacek.cz","logo":{"@type":"ImageObject","@id":"\/logo.png","url":"\/logo.png","width":600,"height":60}},"url":"https:\/\/www.kostkacek.cz\/u-nas-si-vybere-kazdy\/","wordCount":206,"articleBody":"A co \u010dek\u00e1 na individualisty? Nebav\u00ed v\u00e1s si st\u00e1le p\u0159ipl\u00e1cet za dvoul\u016f\u017ekov\u00e9 pokoje, kdy\u017e jednol\u016f\u017ekov\u00fdch je nedostatek? My na v\u00e1s nezapomn\u011bli! Ceny jsou pro v\u00e1s \u0161it\u00e9 na m\u00edru! Hory ubytov\u00e1n\u00ed l\u00e1k\u00e1 i osam\u011bl\u00e9 turisty, kte\u0159\u00ed cht\u011bj\u00ed sami relaxovat. Nenu\u0165te va\u0161eho partnera, kdy\u017e hory ubytov\u00e1n\u00ed nejsou pro n\u011bj to prav\u00e9 o\u0159echov\u00e9. I on m\u00e1m n\u00e1rok na sv\u016fj odpo\u010dinek. Vyrazte do hor sami nebo s kamar\u00e1dy. Ka\u017ed\u00fd m\u00e1 pr\u00e1vo na svoji dovolenou podle sv\u00fdch p\u0159edstav a co m\u016f\u017ee b\u00fdt d\u016fle\u017eit\u011bj\u0161\u00ed? Obliba stoup\u00e1 M\u00e1te ke ka\u017ed\u00e9mu nav\u0161t\u00edven\u00e9mu za\u0159\u00edzen\u00ed vztah? Tak pro\u010d jej nenav\u0161t\u00edvit dvakr\u00e1t \u010di t\u0159ikr\u00e1t? Neberte ohledy, \u017ee se V\u00e1m ostatn\u00ed sm\u011bj\u00ed pro konzervativn\u00ed postoj. U n\u00e1s naopak z\u00edsk\u00e1v\u00e1te v\u00fdhodu! Rekrea\u010dn\u00ed za\u0159\u00edzen\u00ed si eviduj\u00ed sv\u00e9 hosty a t\u011bm, kte\u0159\u00ed se r\u00e1di vrac\u00ed, nab\u00edz\u00ed v\u00fdhodn\u00e9 akce a bonusy nav\u00edc. Tak co, p\u0159em\u00fd\u0161l\u00edte ji\u017e o na\u0161ich nab\u00eddk\u00e1ch? Hory ubytov\u00e1n\u00ed jsou tady!                                                                                                                                                                                                                                                                                                                                                                                        4.5\/5 - (4 votes)        "},{"@context":"https:\/\/schema.org\/","@type":"BreadcrumbList","itemListElement":[{"@type":"ListItem","position":1,"name":"U n\u00e1s si vybere ka\u017ed\u00fd","item":"https:\/\/www.kostkacek.cz\/u-nas-si-vybere-kazdy\/#breadcrumbitem"}]}]